{"id":833,"date":"2021-06-13T14:41:23","date_gmt":"2021-06-13T14:41:23","guid":{"rendered":"https:\/\/www.piscinacomunaleriva.it\/?p=833"},"modified":"2021-06-13T16:38:07","modified_gmt":"2021-06-13T16:38:07","slug":"riapertura-piscina-3","status":"publish","type":"post","link":"https:\/\/piscinacomunaleriva.it\/?p=833","title":{"rendered":"Riapertura piscina"},"content":{"rendered":"<p><img loading=\"lazy\" decoding=\"async\" class=\"alignnone size-full wp-image-836\" src=\"https:\/\/piscinacomunaleriva.it\/wp-content\/uploads\/2021\/06\/Turchese-Illustrato-Piscina-Festa-Invito.jpg\" alt=\"\" width=\"1654\" height=\"1654\" srcset=\"https:\/\/piscinacomunaleriva.it\/wp-content\/uploads\/2021\/06\/Turchese-Illustrato-Piscina-Festa-Invito.jpg 1654w, https:\/\/piscinacomunaleriva.it\/wp-content\/uploads\/2021\/06\/Turchese-Illustrato-Piscina-Festa-Invito-300x300.jpg 300w, https:\/\/piscinacomunaleriva.it\/wp-content\/uploads\/2021\/06\/Turchese-Illustrato-Piscina-Festa-Invito-1024x1024.jpg 1024w, https:\/\/piscinacomunaleriva.it\/wp-content\/uploads\/2021\/06\/Turchese-Illustrato-Piscina-Festa-Invito-150x150.jpg 150w, https:\/\/piscinacomunaleriva.it\/wp-content\/uploads\/2021\/06\/Turchese-Illustrato-Piscina-Festa-Invito-768x768.jpg 768w, https:\/\/piscinacomunaleriva.it\/wp-content\/uploads\/2021\/06\/Turchese-Illustrato-Piscina-Festa-Invito-1536x1536.jpg 1536w\" sizes=\"auto, (max-width: 1654px) 100vw, 1654px\" \/><\/p>\n<p style=\"text-align: center;\">Finalmente si riparte ? !<\/p>\n<p style=\"text-align: center;\"><strong>Da luned\u00ec 14 giugno a sabato 26 giugno<\/strong> la piscina sar\u00e0 aperta<\/p>\n<p style=\"text-align: center;\">con orario continuato dalle 8.30 alle 21,<\/p>\n<p style=\"text-align: center;\">il sabato dalle 8.30 alle 12.30.<\/p>\n<p style=\"text-align: center;\">Chiuso la domenica.<\/p>\n<p style=\"text-align: center;\"><strong>A partire dal 28 giugno e per tutto il mese di luglio<\/strong><\/p>\n<p style=\"text-align: center;\">la piscina sar\u00e0 invece aperta al pubblico con orario ridotto.<\/p>\n<p style=\"text-align: center;\">Luned\u00ec, Mercoled\u00ec e Venerd\u00ec: dalle 16.00 alle 21.00<\/p>\n<p style=\"text-align: center;\">Marted\u00ec e Gioved\u00ec: dalle 12.00 alle 21.00<\/p>\n<p style=\"text-align: center;\">Sabato: 8.30 &#8211; 12.30<\/p>\n<p style=\"text-align: center;\">Chiuso la domenica.<\/p>\n<p style=\"text-align: center;\">Via aspettiamo! <span class=\"pq6dq46d tbxw36s4 knj5qynh kvgmc6g5 ditlmg2l oygrvhab nvdbi5me sf5mxxl7 gl3lb2sf hhz5lgdu\"><img loading=\"lazy\" decoding=\"async\" src=\"https:\/\/static.xx.fbcdn.net\/images\/emoji.php\/v9\/t51\/1\/16\/1f603.png\" alt=\"?\" width=\"16\" height=\"16\" \/><\/span><\/p>\n","protected":false},"excerpt":{"rendered":"<p>Finalmente si riparte ? ! Da luned\u00ec 14 giugno a sabato 26 giugno la piscina sar\u00e0 aperta con orario continuato dalle 8.30 alle 21, il sabato dalle 8.30 alle 12.30. Chiuso la domenica. A partire dal 28 giugno e per tutto il mese di luglio la piscina sar\u00e0 invece aperta al pubblico con orario ridotto. &#8230; <a title=\"Riapertura piscina\" class=\"read-more\" href=\"https:\/\/piscinacomunaleriva.it\/?p=833\" aria-label=\"Per saperne di pi\u00f9 su Riapertura piscina\">Leggi tutto<\/a><\/p>\n","protected":false},"author":3,"featured_media":0,"comment_status":"open","ping_status":"closed","sticky":false,"template":"","format":"standard","meta":{"footnotes":""},"categories":[1],"tags":[],"class_list":["post-833","post","type-post","status-publish","format-standard","hentry","category-notizie"],"_links":{"self":[{"href":"https:\/\/piscinacomunaleriva.it\/index.php?rest_route=\/wp\/v2\/posts\/833","targetHints":{"allow":["GET"]}}],"collection":[{"href":"https:\/\/piscinacomunaleriva.it\/index.php?rest_route=\/wp\/v2\/posts"}],"about":[{"href":"https:\/\/piscinacomunaleriva.it\/index.php?rest_route=\/wp\/v2\/types\/post"}],"author":[{"embeddable":true,"href":"https:\/\/piscinacomunaleriva.it\/index.php?rest_route=\/wp\/v2\/users\/3"}],"replies":[{"embeddable":true,"href":"https:\/\/piscinacomunaleriva.it\/index.php?rest_route=%2Fwp%2Fv2%2Fcomments&post=833"}],"version-history":[{"count":9,"href":"https:\/\/piscinacomunaleriva.it\/index.php?rest_route=\/wp\/v2\/posts\/833\/revisions"}],"predecessor-version":[{"id":845,"href":"https:\/\/piscinacomunaleriva.it\/index.php?rest_route=\/wp\/v2\/posts\/833\/revisions\/845"}],"wp:attachment":[{"href":"https:\/\/piscinacomunaleriva.it\/index.php?rest_route=%2Fwp%2Fv2%2Fmedia&parent=833"}],"wp:term":[{"taxonomy":"category","embeddable":true,"href":"https:\/\/piscinacomunaleriva.it\/index.php?rest_route=%2Fwp%2Fv2%2Fcategories&post=833"},{"taxonomy":"post_tag","embeddable":true,"href":"https:\/\/piscinacomunaleriva.it\/index.php?rest_route=%2Fwp%2Fv2%2Ftags&post=833"}],"curies":[{"name":"wp","href":"https:\/\/api.w.org\/{rel}","templated":true}]}}